{"id":500,"date":"2024-11-26T07:08:31","date_gmt":"2024-11-26T07:08:31","guid":{"rendered":"https:\/\/emojikitchen.cc\/?p=500"},"modified":"2024-11-26T07:35:29","modified_gmt":"2024-11-26T07:35:29","slug":"vande-mataram-stickers","status":"publish","type":"post","link":"https:\/\/emojikitchen.cc\/de\/vande-mataram-stickers\/","title":{"rendered":"Vande Mataram-Aufkleber"},"content":{"rendered":"<div class=\"kk-star-ratings kksr-auto kksr-align-center kksr-valign-top\"\n    data-payload='{&quot;align&quot;:&quot;center&quot;,&quot;id&quot;:&quot;500&quot;,&quot;slug&quot;:&quot;default&quot;,&quot;valign&quot;:&quot;top&quot;,&quot;ignore&quot;:&quot;&quot;,&quot;reference&quot;:&quot;auto&quot;,&quot;class&quot;:&quot;&quot;,&quot;count&quot;:&quot;1&quot;,&quot;legendonly&quot;:&quot;&quot;,&quot;readonly&quot;:&quot;&quot;,&quot;score&quot;:&quot;5&quot;,&quot;starsonly&quot;:&quot;&quot;,&quot;best&quot;:&quot;5&quot;,&quot;gap&quot;:&quot;5&quot;,&quot;greet&quot;:&quot;Rate this post&quot;,&quot;legend&quot;:&quot;5\\\/5 - (1 vote)&quot;,&quot;size&quot;:&quot;24&quot;,&quot;title&quot;:&quot;Vande Mataram stickers&quot;,&quot;width&quot;:&quot;142.5&quot;,&quot;_legend&quot;:&quot;{score}\\\/{best} - ({count} {votes})&quot;,&quot;font_factor&quot;:&quot;1.25&quot;}'>\n            \n<div class=\"kksr-stars\">\n    \n<div class=\"kksr-stars-inactive\">\n            <div class=\"kksr-star\" data-star=\"1\" style=\"padding-right: 5px\">\n            \n\n<div class=\"kksr-icon\" style=\"width: 24px; height: 24px;\"><\/div>\n        <\/div>\n            <div class=\"kksr-star\" data-star=\"2\" style=\"padding-right: 5px\">\n            \n\n<div class=\"kksr-icon\" style=\"width: 24px; height: 24px;\"><\/div>\n        <\/div>\n            <div class=\"kksr-star\" data-star=\"3\" style=\"padding-right: 5px\">\n            \n\n<div class=\"kksr-icon\" style=\"width: 24px; height: 24px;\"><\/div>\n        <\/div>\n            <div class=\"kksr-star\" data-star=\"4\" style=\"padding-right: 5px\">\n            \n\n<div class=\"kksr-icon\" style=\"width: 24px; height: 24px;\"><\/div>\n        <\/div>\n            <div class=\"kksr-star\" data-star=\"5\" style=\"padding-right: 5px\">\n            \n\n<div class=\"kksr-icon\" style=\"width: 24px; height: 24px;\"><\/div>\n        <\/div>\n    <\/div>\n    \n<div class=\"kksr-stars-active\" style=\"width: 142.5px;\">\n            <div class=\"kksr-star\" style=\"padding-right: 5px\">\n            \n\n<div class=\"kksr-icon\" style=\"width: 24px; height: 24px;\"><\/div>\n        <\/div>\n            <div class=\"kksr-star\" style=\"padding-right: 5px\">\n            \n\n<div class=\"kksr-icon\" style=\"width: 24px; height: 24px;\"><\/div>\n        <\/div>\n            <div class=\"kksr-star\" style=\"padding-right: 5px\">\n            \n\n<div class=\"kksr-icon\" style=\"width: 24px; height: 24px;\"><\/div>\n        <\/div>\n            <div class=\"kksr-star\" style=\"padding-right: 5px\">\n            \n\n<div class=\"kksr-icon\" style=\"width: 24px; height: 24px;\"><\/div>\n        <\/div>\n            <div class=\"kksr-star\" style=\"padding-right: 5px\">\n            \n\n<div class=\"kksr-icon\" style=\"width: 24px; height: 24px;\"><\/div>\n        <\/div>\n    <\/div>\n<\/div>\n                \n\n<div class=\"kksr-legend\" style=\"font-size: 19.2px;\">\n            5\/5 - (1 vote)    <\/div>\n    <\/div>\n\n<h1 class=\"wp-block-heading\" id=\"celebrate-patriotism-creatively-unique-uses-for-vande-mataram-stickers-???\">Patriotismus kreativ zelebrieren: Einzigartige Verwendungen f\u00fcr <strong>Vande Mataram Aufkleber<\/strong> ???<\/h1>\n\n\n\n<p>Der Satz \"Vande Mataram\" strahlt eine unbestreitbare Energie aus, die bei Millionen von Menschen Widerhall findet. Von Schulfeiern bis hin zu gro\u00dfen Paraden zum Unabh\u00e4ngigkeitstag - der Geist des Patriotismus bl\u00fcht in jedem Winkel Indiens. Eine einfache, aber eindrucksvolle M\u00f6glichkeit, diesen Geist auszudr\u00fccken? <strong>Vande Mataram-Aufkleber<\/strong>-ein vielseitiges Werkzeug, das Symbolik und Kreativit\u00e4t miteinander verbindet.<\/p>\n\n\n\n<h2 class=\"wp-block-heading\" id=\"transforming-spaces-with-patriotic-flair\">R\u00e4ume mit patriotischem Flair umgestalten<\/h2>\n\n\n\n<p>Im vergangenen August musste ich unseren Gemeindesaal f\u00fcr den Unabh\u00e4ngigkeitstag dekorieren. In der Eile, das Ereignis besonders zu gestalten, beschloss ich, die <strong><a href=\"https:\/\/emojikitchen.cc\/de\/vande-mataram-stickers\/\">Vande Mataram-Aufkleber<\/a><\/strong>. Das Ergebnis? Eine atemberaubende Optik, die den Raum wunderbar zusammenh\u00e4lt. Von T\u00fcren mit leuchtend orangefarbenen und gr\u00fcnen Motiven bis hin zu Tischen mit verschlungenen Aufklebern - diese Erg\u00e4nzungen machten den Unterschied aus.<\/p>\n\n\n<div class=\"wp-block-image\">\n<figure class=\"aligncenter size-full is-resized\"><img decoding=\"async\" width=\"459\" height=\"335\" src=\"https:\/\/emojikitchen.cc\/wp-content\/uploads\/2024\/11\/Vande_Mataram_Sticker9.jpg\" alt=\"Vande Mataram Cloth Sticker\" class=\"wp-image-503\" style=\"width:247px;height:auto\" srcset=\"https:\/\/emojikitchen.cc\/wp-content\/uploads\/2024\/11\/Vande_Mataram_Sticker9.jpg 459w, https:\/\/emojikitchen.cc\/wp-content\/uploads\/2024\/11\/Vande_Mataram_Sticker9-300x219.jpg 300w\" sizes=\"(max-width: 459px) 100vw, 459px\" \/><\/figure>\n<\/div>\n\n\n<h3 class=\"wp-block-heading\" id=\"where-can-you-use-these-stickers\">Wo k\u00f6nnen Sie diese Aufkleber verwenden?<\/h3>\n\n\n\n<figure class=\"wp-block-table\"><table class=\"has-fixed-layout\"><thead><tr><th><strong>Platzierung<\/strong><\/th><th><strong>Auswirkungen<\/strong><\/th><\/tr><\/thead><tbody><tr><td>Notizb\u00fccher und Schreibwaren<\/td><td>Pers\u00f6nliche Erinnerungen an die Liebe zur Nation<\/td><\/tr><tr><td>Fahrzeuge<\/td><td>Patriotismus in Bewegung zeigen<\/td><\/tr><tr><td>Wandkunst<\/td><td>Mehr Lebendigkeit in Klassenzimmern oder B\u00fcros<\/td><\/tr><tr><td>Festival-Veranstaltungen<\/td><td>Verst\u00e4rkung der Energie von Gemeinschaftsversammlungen<\/td><\/tr><\/tbody><\/table><\/figure>\n\n\n\n<p>Jede Verwendung bringt eine einzigartige Atmosph\u00e4re mit sich, die Ihre Umgebung ansprechender macht und gleichzeitig ein gemeinsames Gef\u00fchl des Nationalstolzes f\u00f6rdert.<\/p>\n\n\n\n<h2 class=\"wp-block-heading\" id=\"more-than-decoration-a-symbol-of-unity\">Mehr als nur Dekoration: Ein Symbol der Einheit<\/h2>\n\n\n\n<p>Was ich am meisten liebe <strong>Vande Mataram-Aufkleber<\/strong> ist, wie sie die Generationen \u00fcberbr\u00fccken. Als Kind erinnere ich mich, wie ich sie zum Tag der Republik auf meine Schultasche klebte, um damit anzugeben. Heute sehe ich j\u00fcngere Kinder, die dasselbe tun, aber auf digitalen Plattformen - sie erstellen Insta-Stories oder gestalten ihre Laptop-H\u00fcllen.<\/p>\n\n\n\n<h3 class=\"wp-block-heading\" id=\"key-features-of-modern-stickers\">Hauptmerkmale von Modern Stickers:<\/h3>\n\n\n\n<ol class=\"wp-block-list\">\n<li><strong>Langlebige Materialien<\/strong>: Viele Aufkleber sind aus wasserfestem und lichtbest\u00e4ndigem Material hergestellt und eignen sich perfekt f\u00fcr den langfristigen Gebrauch.<\/li>\n\n\n\n<li><strong>Anpassbare Optionen<\/strong>: Von Textvariationen bis hin zu Gr\u00f6\u00dfen, Sie k\u00f6nnen Aufkleber erstellen, die genau Ihren Bed\u00fcrfnissen entsprechen.<\/li>\n\n\n\n<li><strong>Umweltfreundliche Entscheidungen<\/strong>: Recycelbare oder biologisch abbaubare Aufkleber sind inzwischen weit verbreitet und unterst\u00fctzen nachhaltige Feste.<\/li>\n<\/ol>\n\n\n\n<p>Diese Fortschritte gew\u00e4hrleisten, dass jeder, unabh\u00e4ngig von Alter und Stil, an dieser Tradition teilnehmen kann.<\/p>\n\n\n\n<h2 class=\"wp-block-heading\" id=\"why-go-digital\">Warum digital?<\/h2>\n\n\n\n<p>In der heutigen digitalen Welt leben die sozialen Medien von visuellen Reizen. Emoji-basierte Sticker oder GIFs mit <strong>Vande Mataram<\/strong> Themen sind zum Renner geworden. So wurden zum Beispiel zum letztj\u00e4hrigen Unabh\u00e4ngigkeitstag innerhalb einer Woche \u00fcber 2 Millionen WhatsApp-Sticker heruntergeladen, wie der Business Standard berichtet.<\/p>\n\n\n\n<ul class=\"wp-block-list\">\n<li><strong>Profi-Tipp<\/strong>: Wenn Sie eine Veranstaltung veranstalten, k\u00f6nnen Sie digitale Aufkleberpakete zum Herunterladen anbieten, um Ihr Engagement f\u00fcr die Gemeinschaft zu verbessern. Es ist eine einfache, aber effektive M\u00f6glichkeit, Bewusstsein zu schaffen und gleichzeitig die Einheit zu f\u00f6rdern.<\/li>\n<\/ul>\n\n\n\n<h2 class=\"wp-block-heading\" id=\"boosting-event-impact-with-stickers\">Mit Aufklebern die Wirkung von Veranstaltungen verst\u00e4rken<\/h2>\n\n\n\n<p>Sie planen eine Gro\u00dfveranstaltung wie ein Kulturfestival? Einbindung von <strong>Vande Mataram-Aufkleber<\/strong> in Ihre Marketingstrategie zu integrieren, kann sie sofort aufwerten. Und so geht's:<\/p>\n\n\n\n<figure class=\"wp-block-table\"><table class=\"has-fixed-layout\"><thead><tr><th><strong>Methode<\/strong><\/th><th><strong>Ergebnis<\/strong><\/th><\/tr><\/thead><tbody><tr><td>Verteilung als Souvenir<\/td><td>Baut st\u00e4rkere Verbindungen zu den Teilnehmern auf<\/td><\/tr><tr><td>Sie f\u00fcr die Markenbildung nutzen<\/td><td>Verleiht Flyern und Bannern einen thematischen Touch<\/td><\/tr><tr><td>Entw\u00fcrfe f\u00fcr Fotokabinen<\/td><td>Ermutigt zum sozialen Austausch mit gebrandeten Designs<\/td><\/tr><\/tbody><\/table><\/figure>\n\n\n\n<h2 class=\"wp-block-heading\" id=\"personal-experience-building-a-brand-around-patriotism\">Pers\u00f6nliche Erfahrung: Aufbau einer Marke rund um den Patriotismus<\/h2>\n\n\n\n<p>Als ich einen kleinen Online-Shop f\u00fcr individuelle Aufkleber er\u00f6ffnete, <strong>Vande Mataram-Aufkleber<\/strong> wurde zu einem der Bestseller w\u00e4hrend der Festtage. Ein denkw\u00fcrdiger Auftrag kam von einem Firmenkunden, der 10.000 Aufkleber bei einer landesweiten Veranstaltung verteilen wollte. Sie wollten Aufkleber mit kr\u00e4ftigen Schriftarten, lebendigen Designs und umweltfreundlichen Verpackungen. Bei diesem Projekt habe ich nicht nur gelernt, wie man Massenprodukte anpasst, sondern auch, wie sehr sich die Menschen mit der Botschaft, die diese Aufkleber vermitteln, identifizieren.<\/p>\n\n\n\n<h2 class=\"wp-block-heading\" id=\"getting-the-perfect-vande-mataram-stickers\">Die perfekte L\u00f6sung finden <strong>Vande Mataram Aufkleber<\/strong><\/h2>\n\n\n\n<p>Ob f\u00fcr den privaten Gebrauch oder f\u00fcr professionelle Veranstaltungen, die Suche nach den richtigen Aufklebern ist entscheidend. Suchen Sie nach Optionen, die Qualit\u00e4t, \u00c4sthetik und Flexibilit\u00e4t bei der Anpassung kombinieren.<\/p>\n\n\n\n<figure class=\"wp-block-table\"><table class=\"has-fixed-layout\"><thead><tr><th><strong>Zu ber\u00fccksichtigender Faktor<\/strong><\/th><th><strong>Empfehlung<\/strong><\/th><\/tr><\/thead><tbody><tr><td>Gr\u00f6\u00dfe<\/td><td>Kleinere Gr\u00f6\u00dfen f\u00fcr den pers\u00f6nlichen Gebrauch, gr\u00f6\u00dfere f\u00fcr Veranstaltungen<\/td><\/tr><tr><td>Material<\/td><td>Wasserfestes Vinyl f\u00fcr Au\u00dfenanwendungen<\/td><\/tr><tr><td>Personalisierung<\/td><td>Veranstaltungsspezifischen Text oder Logos hinzuf\u00fcgen<\/td><\/tr><\/tbody><\/table><\/figure>\n\n\n\n<p>Jeder Aufkleber erz\u00e4hlt eine Geschichte - Ihrer k\u00f6nnte Patriotismus zelebrieren, zur Einheit inspirieren oder einfach ein L\u00e4cheln hervorrufen. <strong>Vande Mataram-Aufkleber<\/strong> sind mehr als nur Dekoration: Sie sind ein Symbol f\u00fcr gemeinsamen Stolz und Kreativit\u00e4t. Wenn Sie das n\u00e4chste Mal eine Feier planen oder einen Arbeitsbereich versch\u00f6nern wollen, untersch\u00e4tzen Sie nicht ihr Potenzial, einen bleibenden Eindruck zu hinterlassen.<\/p>","protected":false},"excerpt":{"rendered":"<p>Patriotismus kreativ zelebrieren: Einzigartige Verwendungsm\u00f6glichkeiten f\u00fcr Vande Mataram-Aufkleber ??? Der Satz \"Vande Mataram\" tr\u00e4gt eine unbestreitbare Energie in sich, die...<\/p>","protected":false},"author":1,"featured_media":502,"comment_status":"open","ping_status":"open","sticky":false,"template":"","format":"standard","meta":{"_kad_blocks_custom_css":"","_kad_blocks_head_custom_js":"","_kad_blocks_body_custom_js":"","_kad_blocks_footer_custom_js":"","_kad_post_transparent":"","_kad_post_title":"","_kad_post_layout":"","_kad_post_sidebar_id":"","_kad_post_content_style":"","_kad_post_vertical_padding":"","_kad_post_feature":"","_kad_post_feature_position":"","_kad_post_header":false,"_kad_post_footer":false,"_kad_post_classname":"","footnotes":""},"categories":[1],"tags":[],"class_list":["post-500","post","type-post","status-publish","format-standard","has-post-thumbnail","hentry","category-emoji-news-trends"],"taxonomy_info":{"category":[{"value":1,"label":"Emoji News &amp; Trends"}]},"featured_image_src_large":["https:\/\/emojikitchen.cc\/wp-content\/uploads\/2024\/11\/Vande-Mataram-Cloth-Sticker.jpg",443,429,false],"author_info":{"display_name":"Ben Hu","author_link":"https:\/\/emojikitchen.cc\/de\/author\/ekadmin24\/"},"comment_info":56,"category_info":[{"term_id":1,"name":"Emoji News &amp; Trends","slug":"emoji-news-trends","term_group":0,"term_taxonomy_id":1,"taxonomy":"category","description":"<!-- directives:[] -->\r\n<div id=\"content\">\r\n\r\nStay updated with the latest developments in the world of emojis. From new releases to trending combinations, explore how emojis evolve and impact digital communication with <a href=\"https:\/\/emojikitchen.cc\/\">Emoji Kitchen<\/a>.\r\n\r\n<\/div>","parent":0,"count":33,"filter":"raw","cat_ID":1,"category_count":33,"category_description":"<!-- directives:[] -->\r\n<div id=\"content\">\r\n\r\nStay updated with the latest developments in the world of emojis. From new releases to trending combinations, explore how emojis evolve and impact digital communication with <a href=\"https:\/\/emojikitchen.cc\/\">Emoji Kitchen<\/a>.\r\n\r\n<\/div>","cat_name":"Emoji News &amp; Trends","category_nicename":"emoji-news-trends","category_parent":0}],"tag_info":false,"_links":{"self":[{"href":"https:\/\/emojikitchen.cc\/de\/wp-json\/wp\/v2\/posts\/500","targetHints":{"allow":["GET"]}}],"collection":[{"href":"https:\/\/emojikitchen.cc\/de\/wp-json\/wp\/v2\/posts"}],"about":[{"href":"https:\/\/emojikitchen.cc\/de\/wp-json\/wp\/v2\/types\/post"}],"author":[{"embeddable":true,"href":"https:\/\/emojikitchen.cc\/de\/wp-json\/wp\/v2\/users\/1"}],"replies":[{"embeddable":true,"href":"https:\/\/emojikitchen.cc\/de\/wp-json\/wp\/v2\/comments?post=500"}],"version-history":[{"count":0,"href":"https:\/\/emojikitchen.cc\/de\/wp-json\/wp\/v2\/posts\/500\/revisions"}],"wp:featuredmedia":[{"embeddable":true,"href":"https:\/\/emojikitchen.cc\/de\/wp-json\/wp\/v2\/media\/502"}],"wp:attachment":[{"href":"https:\/\/emojikitchen.cc\/de\/wp-json\/wp\/v2\/media?parent=500"}],"wp:term":[{"taxonomy":"category","embeddable":true,"href":"https:\/\/emojikitchen.cc\/de\/wp-json\/wp\/v2\/categories?post=500"},{"taxonomy":"post_tag","embeddable":true,"href":"https:\/\/emojikitchen.cc\/de\/wp-json\/wp\/v2\/tags?post=500"}],"curies":[{"name":"wp","href":"https:\/\/api.w.org\/{rel}","templated":true}]}}